{"id":3300,"date":"2025-12-28T13:13:08","date_gmt":"2025-12-28T18:13:08","guid":{"rendered":"https:\/\/nayandtheplanet.com\/duality\/"},"modified":"2025-12-28T13:29:01","modified_gmt":"2025-12-28T18:29:01","slug":"dualidade","status":"publish","type":"post","link":"https:\/\/nayandtheplanet.com\/pt-br\/dualidade\/","title":{"rendered":"O que \u00e9 dualidade e como viver em equil\u00edbrio com sua luz e sua sombra"},"content":{"rendered":"\n<p>A realidade em que vivemos \u00e9 constru\u00edda de dualidade. Toda for\u00e7a no universo existe em contraste com outra. Pense em luz e sombra, dia e noite, <a href=\"https:\/\/pt.wikipedia.org\/wiki\/Yin-yang\" target=\"_blank\" rel=\"noreferrer noopener\">yin e yang<\/a>, positivo e negativo, altos e baixos, feminino e masculino.<\/p>\n\n\n\n<p>N\u00f3s tamb\u00e9m somos express\u00f5es dessa dan\u00e7a universal. Dentro de n\u00f3s vivem duas energias: a luz, que busca consci\u00eancia e crescimento, e a sombra, que se esconde nas sombras do inconsciente.<\/p>\n\n\n\n<p>Buscar consci\u00eancia, ilumina\u00e7\u00e3o e felicidade exige compreender ambas as for\u00e7as dentro de si. O desafio n\u00e3o \u00e9 escolher um lado e rejeitar o outro, mas aprender a viver de forma consciente e harmoniosa com os dois.<\/p>\n\n\n\n<p>\u00c9 por isso que quis escrever este post \u2014 para que voc\u00ea entenda a natureza da realidade, o funcionamento da dualidade e aprenda a viver em equil\u00edbrio com as for\u00e7as opostas que definem quem voc\u00ea \u00e9.<\/p>\n\n\n\t\t\t\t<div class=\"wp-block-uagb-table-of-contents uagb-toc__align-left uagb-toc__columns-1  uagb-block-6f17d961 wp-block-uagb-table-of-contents uagb-toc__align-left uagb-toc__columns-undefined uagb-block-6f17d961     \"\n\t\t\t\t\tdata-scroll= \"1\"\n\t\t\t\t\tdata-offset= \"30\"\n\t\t\t\t\tstyle=\"\"\n\t\t\t\t>\n\t\t\t\t<div class=\"uagb-toc__wrap\">\n\t\t\t\t\t\t<div class=\"uagb-toc__title\">\n\t\t\t\t\t\t\t\u00cdndice\t\t\t\t\t\t<\/div>\n\t\t\t\t\t\t\t\t\t\t\t\t\t\t\t\t\t\t\t\t\t\t<div class=\"uagb-toc__list-wrap \">\n\t\t\t\t\t\t<ol class=\"uagb-toc__list\"><li class=\"uagb-toc__list\"><a href=\"#o-que-\u00e9-dualidade\" class=\"uagb-toc-link__trigger\">O Que \u00c9 Dualidade<\/a><li class=\"uagb-toc__list\"><a href=\"#a-luz-dentro-de-voc\u00ea\" class=\"uagb-toc-link__trigger\">A luz dentro de voc\u00ea<\/a><li class=\"uagb-toc__list\"><a href=\"#a-sombra-dentro-de-voc\u00ea\" class=\"uagb-toc-link__trigger\">A sombra dentro de voc\u00ea<\/a><li class=\"uagb-toc__list\"><a href=\"#a-ci\u00eancia-e-a-mente-dual\" class=\"uagb-toc-link__trigger\">A ci\u00eancia e a mente dual<\/a><li class=\"uagb-toc__list\"><a href=\"#dualidade-e-os-altos-e-baixos-da-vida-por-que-eles-sempre-existir\u00e3o\" class=\"uagb-toc-link__trigger\">Dualidade e os altos e baixos da vida: por que eles sempre existir\u00e3o<\/a><li class=\"uagb-toc__list\"><a href=\"#encontrando-o-caminho-do-meio-atrav\u00e9s-do-autoconhecimento\" class=\"uagb-toc-link__trigger\">Encontrando o caminho do meio atrav\u00e9s do autoconhecimento<\/a><\/ol>\t\t\t\t\t<\/div>\n\t\t\t\t\t\t\t\t\t<\/div>\n\t\t\t\t<\/div>\n\t\t\t\n\n\n<p><\/p>\n\n\n\n<h2 class=\"wp-block-heading\">O Que \u00c9 Dualidade<\/h2>\n\n\n\n<p>A dualidade \u00e9 o jogo entre for\u00e7as opostas, por\u00e9m complementares, que moldam toda a realidade.<\/p>\n\n\n\n<p>Muitas tradi\u00e7\u00f5es ensinam que, para que a vida seja experienciada, a consci\u00eancia precisa se dividir em opostos. Luz e sombra, esp\u00edrito e mat\u00e9ria, c\u00e9u e terra \u2014 \u00e9 nesse palco que o crescimento acontece.<\/p>\n\n\n\n<p>A ci\u00eancia reflete a dualidade em todos os lugares:<\/p>\n\n\n\n<ul class=\"wp-block-list\">\n<li>Dia e noite<\/li>\n\n\n\n<li>Energias femininas e masculinas<\/li>\n\n\n\n<li>Cargas positivas e negativas<\/li>\n\n\n\n<li>0 e 1 na computa\u00e7\u00e3o<\/li>\n\n\n\n<li>Mat\u00e9ria e energia<\/li>\n<\/ul>\n\n\n\n<p>At\u00e9 mesmo a luz se comporta tanto como part\u00edcula quanto como onda. A pr\u00f3pria realidade \u00e9 dual por natureza.<\/p>\n\n\n\n<p>Psicologicamente, a dualidade se manifesta em impulsos, desejos e emo\u00e7\u00f5es conflitantes. Podemos sentir amor e medo, confian\u00e7a e inseguran\u00e7a, generosidade e ego\u00edsmo, tristeza e entusiasmo. Ela tamb\u00e9m reflete a mente consciente e a subconsciente \u2014 o eu racional e o eu instintivo.<\/p>\n\n\n\n<p>Pode parecer dif\u00edcil aceitar que ambas as for\u00e7as coexistem dentro de voc\u00ea, mas \u00e9 justamente assim que a vida \u00e9. A dualidade existe, e \u00e9 ela que impulsiona o crescimento.<\/p>\n\n\n\n<p>N\u00e3o \u00e9 algo de que devamos escapar, mas algo que devemos compreender.<\/p>\n\n\n\n<p>Vamos mergulhar mais fundo nessas duas for\u00e7as dentro de n\u00f3s: a luz e a sombra.<\/p>\n\n\n\n<h2 class=\"wp-block-heading\">A luz dentro de voc\u00ea<\/h2>\n\n\n\n<p>Sua luz \u00e9 a parte de voc\u00ea que \u00e9 vis\u00edvel, socialmente aceita e conscientemente cultivada.<\/p>\n\n\n\n<p>Ela inclui:<\/p>\n\n\n\n<ul class=\"wp-block-list\">\n<li>Virtudes como compaix\u00e3o, honestidade, coragem e empatia<\/li>\n\n\n\n<li>Emo\u00e7\u00f5es elevadas, como amor, gratid\u00e3o, alegria e esperan\u00e7a<\/li>\n\n\n\n<li>Comportamentos conscientes e escolhas intencionais<\/li>\n\n\n\n<li>Aspectos do ego que ajudam voc\u00ea a criar e se expressar no mundo<\/li>\n<\/ul>\n\n\n\n<p>A luz \u00e9 o espa\u00e7o onde voc\u00ea se sente alinhado com seus valores e prop\u00f3sito. \u00c9 onde voc\u00ea deseja ser visto. Mas a luz sozinha n\u00e3o \u00e9 totalidade. Quando nos apegamos apenas \u00e0 luz, acabamos reprimindo inconscientemente partes de n\u00f3s que n\u00e3o se encaixam nessa imagem.<\/p>\n\n\n\n<h2 class=\"wp-block-heading\">A sombra dentro de voc\u00ea<\/h2>\n\n\n\n<p>A sombra n\u00e3o \u00e9 maldade; \u00e9 <a href=\"https:\/\/www.psychologytoday.com\/ca\/blog\/consciousness-and-the-brain\/201706\/the-unconscious-mind-in-everyday-life\" target=\"_blank\" rel=\"noreferrer noopener\">inconsci\u00eancia<\/a>.<\/p>\n\n\n\n<p>Sua sombra inclui:<\/p>\n\n\n\n<ul class=\"wp-block-list\">\n<li>Comportamentos ocultos e emo\u00e7\u00f5es reprimidas<\/li>\n\n\n\n<li>Padr\u00f5es emocionais formados na inf\u00e2ncia<\/li>\n\n\n\n<li>Medo, ci\u00fame, vergonha, raiva, culpa e ressentimento<\/li>\n\n\n\n<li>Instintos e rea\u00e7\u00f5es autom\u00e1ticas<\/li>\n\n\n\n<li>As partes de voc\u00ea que foram julgadas, ignoradas ou n\u00e3o puderam existir<\/li>\n<\/ul>\n\n\n\n<p>A sombra vive, em grande parte, no inconsciente. Ela influencia suas decis\u00f5es mesmo quando voc\u00ea acredita estar sendo racional ou \u201cpositivo\u201d.<\/p>\n\n\n\n<p>O que n\u00e3o reconhecemos n\u00e3o desaparece \u2014 manifesta-se atrav\u00e9s de proje\u00e7\u00e3o, autossabotagem, gatilhos emocionais e padr\u00f5es repetitivos de vida.<\/p>\n\n\n\n<p>A sombra s\u00f3 se torna perigosa quando \u00e9 negada.<\/p>\n\n\n\n<h2 class=\"wp-block-heading\">A ci\u00eancia e a mente dual<\/h2>\n\n\n\n<p>A psicologia moderna e a neuroci\u00eancia afirmam o que as tradi\u00e7\u00f5es espirituais sempre sugeriram: a consci\u00eancia humana opera em duas camadas. Freud foi um dos primeiros a mapear esse quadro interno, descrevendo a psique como dividida em consciente, pr\u00e9-consciente e inconsciente.<\/p>\n\n\n\n<p>O consciente \u00e9 onde residem o pensamento ativo, as decis\u00f5es e a percep\u00e7\u00e3o. Abaixo dele est\u00e1 o vasto inconsciente \u2014 um reservat\u00f3rio de desejos, mem\u00f3rias e instintos que moldam silenciosamente nosso comportamento. O pr\u00e9-consciente serve como ponte, permitindo que conte\u00fados mais profundos venham \u00e0 tona.<\/p>\n\n\n\n<p>Carl Jung ampliou esse entendimento com uma vis\u00e3o mais espiritual. Ele reconheceu que o inconsciente n\u00e3o era apenas um dep\u00f3sito de impulsos reprimidos, mas tamb\u00e9m uma fonte de criatividade, sabedoria e padr\u00f5es arquet\u00edpicos. Jung apresentou o conceito da sombra \u2014 o lado oculto do eu consciente.<\/p>\n\n\n\n<p>Joseph Murphy mais tarde levou essas ideias ao campo do poder criativo da mente. Ele descreveu o <a href=\"https:\/\/pmc.ncbi.nlm.nih.gov\/articles\/PMC6502410\/\" target=\"_blank\" rel=\"noreferrer noopener\">subconsciente<\/a> como um solo f\u00e9rtil onde pensamentos e emo\u00e7\u00f5es repetidas criam ra\u00edzes e se manifestam na experi\u00eancia vivida. A mente consciente planta as sementes; o subconsciente as faz crescer.<\/p>\n\n\n\n<p>A neuroci\u00eancia hoje confirma muito disso. Exames cerebrais mostram a intera\u00e7\u00e3o din\u00e2mica entre o c\u00f3rtex pr\u00e9-frontal \u2014 respons\u00e1vel pelo racioc\u00ednio e pela autoconsci\u00eancia \u2014 e o sistema l\u00edmbico, onde vivem as emo\u00e7\u00f5es e mem\u00f3rias.<\/p>\n\n\n\n<p>Cada pensamento humano \u00e9 um di\u00e1logo entre raz\u00e3o e emo\u00e7\u00e3o, consci\u00eancia e instinto. A mente consciente \u00e9 o pensador; o subconsciente \u00e9 o sonhador. A verdadeira intelig\u00eancia surge quando as duas colaboram em harmonia.<\/p>\n\n\n\n<h2 class=\"wp-block-heading\">Dualidade e os altos e baixos da vida: por que eles sempre existir\u00e3o<\/h2>\n\n\n\n<p>Um dos maiores equ\u00edvocos sobre a dualidade \u00e9 acreditar que equil\u00edbrio significa aus\u00eancia de contrastes. Na verdade, equil\u00edbrio n\u00e3o elimina os altos e baixos da vida \u2014 ele ensina voc\u00ea a mover-se por eles com consci\u00eancia.<\/p>\n\n\n\n<p>Alegria e tristeza, expans\u00e3o e retra\u00e7\u00e3o, sucesso e desafio n\u00e3o s\u00e3o sinais de erro, mas express\u00f5es naturais de um universo dual. Assim como o dia inevitavelmente d\u00e1 lugar \u00e0 noite, momentos de clareza s\u00e3o seguidos por per\u00edodos de d\u00favida. O pr\u00f3prio crescimento acontece por meio dessa oscila\u00e7\u00e3o.<\/p>\n\n\n\n<p>A cultura moderna tende a promover a ideia de felicidade constante ou de estar sempre em \u201calta vibra\u00e7\u00e3o\u201d. Mas essa expectativa gera sofrimento. Resistir aos momentos de queda apenas adiciona julgamento \u00e0 experi\u00eancia.<\/p>\n\n\n\n<p>Do ponto de vista psicol\u00f3gico e neurol\u00f3gico, os ciclos emocionais fazem parte do sistema nervoso. O c\u00e9rebro e o corpo precisam de per\u00edodos de ativa\u00e7\u00e3o e repouso, motiva\u00e7\u00e3o e recolhimento. Espiritualmente, o contraste \u00e9 o que agu\u00e7a a consci\u00eancia \u2014 voc\u00ea reconhece a paz porque j\u00e1 conheceu o caos.<\/p>\n\n\n\n<p>Viver conscientemente n\u00e3o \u00e9 evitar as fases dif\u00edceis, mas compreender que elas s\u00e3o passageiras, significativas e necess\u00e1rias.<\/p>\n\n\n\n<p>Quando voc\u00ea aceita que a vida sempre se mover\u00e1 entre polos, deixa de lutar contra a realidade e torna-se resiliente. Em vez de perguntar \u201cComo posso ficar sempre no alto?\u201d, come\u00e7a a perguntar \u201cComo posso permanecer centrado?\u201d.<\/p>\n\n\n\n<p>Esse \u00e9 o verdadeiro equil\u00edbrio dentro da dualidade \u2014 a verdadeira ilumina\u00e7\u00e3o. A capacidade de surfar os altos e baixos da vida, encontrando o caminho do meio.<\/p>\n\n\n\n<h2 class=\"wp-block-heading\">Encontrando o caminho do meio atrav\u00e9s do autoconhecimento<\/h2>\n\n\n\n<p>A maneira de harmonizar a dualidade \u00e9 encontrar o caminho do meio \u2014 o ponto de equil\u00edbrio entre a luz e a sombra que habitam em voc\u00ea.<\/p>\n\n\n\n<p>O autoconhecimento come\u00e7a com a coragem de olhar para dentro, n\u00e3o para glorificar sua luz ou condenar sua sombra, mas para compreender ambas como partes essenciais do seu ser.<\/p>\n\n\n\n<p>A verdadeira consci\u00eancia surge quando deixamos de rotular partes de n\u00f3s como boas ou m\u00e1s e come\u00e7amos a v\u00ea-las como pe\u00e7as de um todo vivo.<\/p>\n\n\n\n<p>A vida sempre oscila \u2014 e o dom do autoconhecimento \u00e9 oferecer estabilidade nesse ritmo.<\/p>\n\n\n\n<p>Quanto mais profundamente voc\u00ea se compreende, menos \u00e9 dominado por for\u00e7as inconscientes e mais graciosamente se move entre os opostos da exist\u00eancia.<\/p>\n\n\n\n<p>Encontrar o caminho do meio \u00e9 reconhecer que a dualidade n\u00e3o \u00e9 um obst\u00e1culo, mas uma porta para a evolu\u00e7\u00e3o.<\/p>\n\n\n\n<p>Quando voc\u00ea honra a luz e a sombra, a subida e a queda, deixa de resistir ao que \u00e9 e come\u00e7a a fluir com o que existe.<\/p>\n\n\n\n<p>E \u00e9 nesse fluxo que encontramos o crescimento, a paz e a presen\u00e7a serena de quem vive em harmonia com ambas as for\u00e7as.<\/p>\n\n\n\n<p>Se voc\u00ea quer saber mais sobre a realidade e como viver uma vida mais consciente, recomendo que leia o meu post <a href=\"https:\/\/nayandtheplanet.com\/pt-br\/espiritualidade-com-autonomia\/\" target=\"_blank\" rel=\"noreferrer noopener\">&#8220;Ressignificando a espiritualidade com autonomia&#8221;.<\/a><\/p>\n","protected":false},"excerpt":{"rendered":"<p>Descubra o que \u00e9 a dualidade e como ela define a realidade. Aprenda a viver em equil\u00edbrio com sua luz e sua sombra.<\/p>\n","protected":false},"author":2,"featured_media":3295,"comment_status":"closed","ping_status":"closed","sticky":false,"template":"","format":"standard","meta":{"_uag_custom_page_level_css":"","site-sidebar-layout":"default","site-content-layout":"default","ast-site-content-layout":"default","site-content-style":"default","site-sidebar-style":"default","ast-global-header-display":"","ast-banner-title-visibility":"","ast-main-header-display":"","ast-hfb-above-header-display":"","ast-hfb-below-header-display":"","ast-hfb-mobile-header-display":"","site-post-title":"","ast-breadcrumbs-content":"","ast-featured-img":"disabled","footer-sml-layout":"","theme-transparent-header-meta":"default","adv-header-id-meta":"","stick-header-meta":"","header-above-stick-meta":"","header-main-stick-meta":"","header-below-stick-meta":"","astra-migrate-meta-layouts":"set","ast-page-background-enabled":"default","ast-page-background-meta":{"desktop":{"background-color":"var(--ast-global-color-4)","background-image":"","background-repeat":"repeat","background-position":"center center","background-size":"auto","background-attachment":"scroll","background-type":"","background-media":"","overlay-type":"","overlay-color":"","overlay-gradient":""},"tablet":{"background-color":"","background-image":"","background-repeat":"repeat","background-position":"center center","background-size":"auto","background-attachment":"scroll","background-type":"","background-media":"","overlay-type":"","overlay-color":"","overlay-gradient":""},"mobile":{"background-color":"","background-image":"","background-repeat":"repeat","background-position":"center center","background-size":"auto","background-attachment":"scroll","background-type":"","background-media":"","overlay-type":"","overlay-color":"","overlay-gradient":""}},"ast-content-background-meta":{"desktop":{"background-color":"var(--ast-global-color-5)","background-image":"","background-repeat":"repeat","background-position":"center center","background-size":"auto","background-attachment":"scroll","background-type":"","background-media":"","overlay-type":"","overlay-color":"","overlay-gradient":""},"tablet":{"background-color":"var(--ast-global-color-5)","background-image":"","background-repeat":"repeat","background-position":"center center","background-size":"auto","background-attachment":"scroll","background-type":"","background-media":"","overlay-type":"","overlay-color":"","overlay-gradient":""},"mobile":{"background-color":"var(--ast-global-color-5)","background-image":"","background-repeat":"repeat","background-position":"center center","background-size":"auto","background-attachment":"scroll","background-type":"","background-media":"","overlay-type":"","overlay-color":"","overlay-gradient":""}},"footnotes":""},"categories":[27],"tags":[],"class_list":["post-3300","post","type-post","status-publish","format-standard","has-post-thumbnail","hentry","category-consciencia"],"yoast_head":"<!-- This site is optimized with the Yoast SEO plugin v27.5 - https:\/\/yoast.com\/product\/yoast-seo-wordpress\/ -->\n<title>Dualidade: a luz e a sombra dentro de voc\u00ea<\/title>\n<meta name=\"description\" content=\"Descubra o que \u00e9 a dualidade e como ela define a realidade. Aprenda a viver em equil\u00edbrio com sua luz e sua sombra.\" \/>\n<meta name=\"robots\" content=\"index, follow, max-snippet:-1, max-image-preview:large, max-video-preview:-1\" \/>\n<link rel=\"canonical\" href=\"https:\/\/nayandtheplanet.com\/pt-br\/dualidade\/\" \/>\n<meta property=\"og:locale\" content=\"pt_BR\" \/>\n<meta property=\"og:type\" content=\"article\" \/>\n<meta property=\"og:title\" content=\"Dualidade: a luz e a sombra dentro de voc\u00ea\" \/>\n<meta property=\"og:description\" content=\"Descubra o que \u00e9 a dualidade e como ela define a realidade. Aprenda a viver em equil\u00edbrio com sua luz e sua sombra.\" \/>\n<meta property=\"og:url\" content=\"https:\/\/nayandtheplanet.com\/pt-br\/dualidade\/\" \/>\n<meta property=\"og:site_name\" content=\"Nay and the Planet\" \/>\n<meta property=\"article:published_time\" content=\"2025-12-28T18:13:08+00:00\" \/>\n<meta property=\"article:modified_time\" content=\"2025-12-28T18:29:01+00:00\" \/>\n<meta property=\"og:image\" content=\"http:\/\/nayandtheplanet.com\/wp-content\/uploads\/2025\/12\/Duality-yin-yang-scaled-e1766947950606.jpg\" \/>\n\t<meta property=\"og:image:width\" content=\"2560\" \/>\n\t<meta property=\"og:image:height\" content=\"1442\" \/>\n\t<meta property=\"og:image:type\" content=\"image\/jpeg\" \/>\n<meta name=\"author\" content=\"Nayara Byrne\" \/>\n<meta name=\"twitter:card\" content=\"summary_large_image\" \/>\n<meta name=\"twitter:label1\" content=\"Escrito por\" \/>\n\t<meta name=\"twitter:data1\" content=\"Nayara Byrne\" \/>\n\t<meta name=\"twitter:label2\" content=\"Est. tempo de leitura\" \/>\n\t<meta name=\"twitter:data2\" content=\"6 minutos\" \/>\n<script type=\"application\/ld+json\" class=\"yoast-schema-graph\">{\"@context\":\"https:\\\/\\\/schema.org\",\"@graph\":[{\"@type\":\"Article\",\"@id\":\"https:\\\/\\\/nayandtheplanet.com\\\/pt-br\\\/dualidade\\\/#article\",\"isPartOf\":{\"@id\":\"https:\\\/\\\/nayandtheplanet.com\\\/pt-br\\\/dualidade\\\/\"},\"author\":{\"name\":\"Nayara Byrne\",\"@id\":\"https:\\\/\\\/nayandtheplanet.com\\\/pt-br\\\/#\\\/schema\\\/person\\\/c7b7228d0d95afd2174664e128b159e6\"},\"headline\":\"O que \u00e9 dualidade e como viver em equil\u00edbrio com sua luz e sua sombra\",\"datePublished\":\"2025-12-28T18:13:08+00:00\",\"dateModified\":\"2025-12-28T18:29:01+00:00\",\"mainEntityOfPage\":{\"@id\":\"https:\\\/\\\/nayandtheplanet.com\\\/pt-br\\\/dualidade\\\/\"},\"wordCount\":1381,\"publisher\":{\"@id\":\"https:\\\/\\\/nayandtheplanet.com\\\/pt-br\\\/#organization\"},\"image\":{\"@id\":\"https:\\\/\\\/nayandtheplanet.com\\\/pt-br\\\/dualidade\\\/#primaryimage\"},\"thumbnailUrl\":\"https:\\\/\\\/nayandtheplanet.com\\\/wp-content\\\/uploads\\\/2025\\\/12\\\/Duality-yin-yang-scaled-e1766947950606.jpg\",\"articleSection\":[\"Consci\u00eancia\"],\"inLanguage\":\"pt-BR\"},{\"@type\":\"WebPage\",\"@id\":\"https:\\\/\\\/nayandtheplanet.com\\\/pt-br\\\/dualidade\\\/\",\"url\":\"https:\\\/\\\/nayandtheplanet.com\\\/pt-br\\\/dualidade\\\/\",\"name\":\"Dualidade: a luz e a sombra dentro de voc\u00ea\",\"isPartOf\":{\"@id\":\"https:\\\/\\\/nayandtheplanet.com\\\/pt-br\\\/#website\"},\"primaryImageOfPage\":{\"@id\":\"https:\\\/\\\/nayandtheplanet.com\\\/pt-br\\\/dualidade\\\/#primaryimage\"},\"image\":{\"@id\":\"https:\\\/\\\/nayandtheplanet.com\\\/pt-br\\\/dualidade\\\/#primaryimage\"},\"thumbnailUrl\":\"https:\\\/\\\/nayandtheplanet.com\\\/wp-content\\\/uploads\\\/2025\\\/12\\\/Duality-yin-yang-scaled-e1766947950606.jpg\",\"datePublished\":\"2025-12-28T18:13:08+00:00\",\"dateModified\":\"2025-12-28T18:29:01+00:00\",\"description\":\"Descubra o que \u00e9 a dualidade e como ela define a realidade. Aprenda a viver em equil\u00edbrio com sua luz e sua sombra.\",\"breadcrumb\":{\"@id\":\"https:\\\/\\\/nayandtheplanet.com\\\/pt-br\\\/dualidade\\\/#breadcrumb\"},\"inLanguage\":\"pt-BR\",\"potentialAction\":[{\"@type\":\"ReadAction\",\"target\":[\"https:\\\/\\\/nayandtheplanet.com\\\/pt-br\\\/dualidade\\\/\"]}]},{\"@type\":\"ImageObject\",\"inLanguage\":\"pt-BR\",\"@id\":\"https:\\\/\\\/nayandtheplanet.com\\\/pt-br\\\/dualidade\\\/#primaryimage\",\"url\":\"https:\\\/\\\/nayandtheplanet.com\\\/wp-content\\\/uploads\\\/2025\\\/12\\\/Duality-yin-yang-scaled-e1766947950606.jpg\",\"contentUrl\":\"https:\\\/\\\/nayandtheplanet.com\\\/wp-content\\\/uploads\\\/2025\\\/12\\\/Duality-yin-yang-scaled-e1766947950606.jpg\",\"width\":2560,\"height\":1442,\"caption\":\"Sleek 3D yin\u2011yang sphere showing intertwined light and dark marble textures, symbolizing balance and duality, with smooth reflective surfaces on a soft gray background.\"},{\"@type\":\"BreadcrumbList\",\"@id\":\"https:\\\/\\\/nayandtheplanet.com\\\/pt-br\\\/dualidade\\\/#breadcrumb\",\"itemListElement\":[{\"@type\":\"ListItem\",\"position\":1,\"name\":\"In\u00edcio\",\"item\":\"https:\\\/\\\/nayandtheplanet.com\\\/pt-br\\\/\"},{\"@type\":\"ListItem\",\"position\":2,\"name\":\"O que \u00e9 dualidade e como viver em equil\u00edbrio com sua luz e sua sombra\"}]},{\"@type\":\"WebSite\",\"@id\":\"https:\\\/\\\/nayandtheplanet.com\\\/pt-br\\\/#website\",\"url\":\"https:\\\/\\\/nayandtheplanet.com\\\/pt-br\\\/\",\"name\":\"Nay and the Planet\",\"description\":\"Travel &amp; Lifestyle Blog\",\"publisher\":{\"@id\":\"https:\\\/\\\/nayandtheplanet.com\\\/pt-br\\\/#organization\"},\"potentialAction\":[{\"@type\":\"SearchAction\",\"target\":{\"@type\":\"EntryPoint\",\"urlTemplate\":\"https:\\\/\\\/nayandtheplanet.com\\\/pt-br\\\/?s={search_term_string}\"},\"query-input\":{\"@type\":\"PropertyValueSpecification\",\"valueRequired\":true,\"valueName\":\"search_term_string\"}}],\"inLanguage\":\"pt-BR\"},{\"@type\":\"Organization\",\"@id\":\"https:\\\/\\\/nayandtheplanet.com\\\/pt-br\\\/#organization\",\"name\":\"Nay and the Planet\",\"url\":\"https:\\\/\\\/nayandtheplanet.com\\\/pt-br\\\/\",\"logo\":{\"@type\":\"ImageObject\",\"inLanguage\":\"pt-BR\",\"@id\":\"https:\\\/\\\/nayandtheplanet.com\\\/pt-br\\\/#\\\/schema\\\/logo\\\/image\\\/\",\"url\":\"https:\\\/\\\/nayandtheplanet.com\\\/wp-content\\\/uploads\\\/2021\\\/01\\\/cropped-Nay-and-the-planet-site-icon-2.png\",\"contentUrl\":\"https:\\\/\\\/nayandtheplanet.com\\\/wp-content\\\/uploads\\\/2021\\\/01\\\/cropped-Nay-and-the-planet-site-icon-2.png\",\"width\":512,\"height\":512,\"caption\":\"Nay and the Planet\"},\"image\":{\"@id\":\"https:\\\/\\\/nayandtheplanet.com\\\/pt-br\\\/#\\\/schema\\\/logo\\\/image\\\/\"}},{\"@type\":\"Person\",\"@id\":\"https:\\\/\\\/nayandtheplanet.com\\\/pt-br\\\/#\\\/schema\\\/person\\\/c7b7228d0d95afd2174664e128b159e6\",\"name\":\"Nayara Byrne\",\"image\":{\"@type\":\"ImageObject\",\"inLanguage\":\"pt-BR\",\"@id\":\"https:\\\/\\\/secure.gravatar.com\\\/avatar\\\/5c1c24a7433a2229b4dbcef4d38222aa47503b5ce5d67c3e22fc10d0a56a9308?s=96&d=mm&r=g\",\"url\":\"https:\\\/\\\/secure.gravatar.com\\\/avatar\\\/5c1c24a7433a2229b4dbcef4d38222aa47503b5ce5d67c3e22fc10d0a56a9308?s=96&d=mm&r=g\",\"contentUrl\":\"https:\\\/\\\/secure.gravatar.com\\\/avatar\\\/5c1c24a7433a2229b4dbcef4d38222aa47503b5ce5d67c3e22fc10d0a56a9308?s=96&d=mm&r=g\",\"caption\":\"Nayara Byrne\"},\"url\":\"https:\\\/\\\/nayandtheplanet.com\\\/pt-br\\\/author\\\/nayara\\\/\"}]}<\/script>\n<!-- \/ Yoast SEO plugin. -->","yoast_head_json":{"title":"Dualidade: a luz e a sombra dentro de voc\u00ea","description":"Descubra o que \u00e9 a dualidade e como ela define a realidade. Aprenda a viver em equil\u00edbrio com sua luz e sua sombra.","robots":{"index":"index","follow":"follow","max-snippet":"max-snippet:-1","max-image-preview":"max-image-preview:large","max-video-preview":"max-video-preview:-1"},"canonical":"https:\/\/nayandtheplanet.com\/pt-br\/dualidade\/","og_locale":"pt_BR","og_type":"article","og_title":"Dualidade: a luz e a sombra dentro de voc\u00ea","og_description":"Descubra o que \u00e9 a dualidade e como ela define a realidade. Aprenda a viver em equil\u00edbrio com sua luz e sua sombra.","og_url":"https:\/\/nayandtheplanet.com\/pt-br\/dualidade\/","og_site_name":"Nay and the Planet","article_published_time":"2025-12-28T18:13:08+00:00","article_modified_time":"2025-12-28T18:29:01+00:00","og_image":[{"width":2560,"height":1442,"url":"http:\/\/nayandtheplanet.com\/wp-content\/uploads\/2025\/12\/Duality-yin-yang-scaled-e1766947950606.jpg","type":"image\/jpeg"}],"author":"Nayara Byrne","twitter_card":"summary_large_image","twitter_misc":{"Escrito por":"Nayara Byrne","Est. tempo de leitura":"6 minutos"},"schema":{"@context":"https:\/\/schema.org","@graph":[{"@type":"Article","@id":"https:\/\/nayandtheplanet.com\/pt-br\/dualidade\/#article","isPartOf":{"@id":"https:\/\/nayandtheplanet.com\/pt-br\/dualidade\/"},"author":{"name":"Nayara Byrne","@id":"https:\/\/nayandtheplanet.com\/pt-br\/#\/schema\/person\/c7b7228d0d95afd2174664e128b159e6"},"headline":"O que \u00e9 dualidade e como viver em equil\u00edbrio com sua luz e sua sombra","datePublished":"2025-12-28T18:13:08+00:00","dateModified":"2025-12-28T18:29:01+00:00","mainEntityOfPage":{"@id":"https:\/\/nayandtheplanet.com\/pt-br\/dualidade\/"},"wordCount":1381,"publisher":{"@id":"https:\/\/nayandtheplanet.com\/pt-br\/#organization"},"image":{"@id":"https:\/\/nayandtheplanet.com\/pt-br\/dualidade\/#primaryimage"},"thumbnailUrl":"https:\/\/nayandtheplanet.com\/wp-content\/uploads\/2025\/12\/Duality-yin-yang-scaled-e1766947950606.jpg","articleSection":["Consci\u00eancia"],"inLanguage":"pt-BR"},{"@type":"WebPage","@id":"https:\/\/nayandtheplanet.com\/pt-br\/dualidade\/","url":"https:\/\/nayandtheplanet.com\/pt-br\/dualidade\/","name":"Dualidade: a luz e a sombra dentro de voc\u00ea","isPartOf":{"@id":"https:\/\/nayandtheplanet.com\/pt-br\/#website"},"primaryImageOfPage":{"@id":"https:\/\/nayandtheplanet.com\/pt-br\/dualidade\/#primaryimage"},"image":{"@id":"https:\/\/nayandtheplanet.com\/pt-br\/dualidade\/#primaryimage"},"thumbnailUrl":"https:\/\/nayandtheplanet.com\/wp-content\/uploads\/2025\/12\/Duality-yin-yang-scaled-e1766947950606.jpg","datePublished":"2025-12-28T18:13:08+00:00","dateModified":"2025-12-28T18:29:01+00:00","description":"Descubra o que \u00e9 a dualidade e como ela define a realidade. Aprenda a viver em equil\u00edbrio com sua luz e sua sombra.","breadcrumb":{"@id":"https:\/\/nayandtheplanet.com\/pt-br\/dualidade\/#breadcrumb"},"inLanguage":"pt-BR","potentialAction":[{"@type":"ReadAction","target":["https:\/\/nayandtheplanet.com\/pt-br\/dualidade\/"]}]},{"@type":"ImageObject","inLanguage":"pt-BR","@id":"https:\/\/nayandtheplanet.com\/pt-br\/dualidade\/#primaryimage","url":"https:\/\/nayandtheplanet.com\/wp-content\/uploads\/2025\/12\/Duality-yin-yang-scaled-e1766947950606.jpg","contentUrl":"https:\/\/nayandtheplanet.com\/wp-content\/uploads\/2025\/12\/Duality-yin-yang-scaled-e1766947950606.jpg","width":2560,"height":1442,"caption":"Sleek 3D yin\u2011yang sphere showing intertwined light and dark marble textures, symbolizing balance and duality, with smooth reflective surfaces on a soft gray background."},{"@type":"BreadcrumbList","@id":"https:\/\/nayandtheplanet.com\/pt-br\/dualidade\/#breadcrumb","itemListElement":[{"@type":"ListItem","position":1,"name":"In\u00edcio","item":"https:\/\/nayandtheplanet.com\/pt-br\/"},{"@type":"ListItem","position":2,"name":"O que \u00e9 dualidade e como viver em equil\u00edbrio com sua luz e sua sombra"}]},{"@type":"WebSite","@id":"https:\/\/nayandtheplanet.com\/pt-br\/#website","url":"https:\/\/nayandtheplanet.com\/pt-br\/","name":"Nay and the Planet","description":"Travel &amp; Lifestyle Blog","publisher":{"@id":"https:\/\/nayandtheplanet.com\/pt-br\/#organization"},"potentialAction":[{"@type":"SearchAction","target":{"@type":"EntryPoint","urlTemplate":"https:\/\/nayandtheplanet.com\/pt-br\/?s={search_term_string}"},"query-input":{"@type":"PropertyValueSpecification","valueRequired":true,"valueName":"search_term_string"}}],"inLanguage":"pt-BR"},{"@type":"Organization","@id":"https:\/\/nayandtheplanet.com\/pt-br\/#organization","name":"Nay and the Planet","url":"https:\/\/nayandtheplanet.com\/pt-br\/","logo":{"@type":"ImageObject","inLanguage":"pt-BR","@id":"https:\/\/nayandtheplanet.com\/pt-br\/#\/schema\/logo\/image\/","url":"https:\/\/nayandtheplanet.com\/wp-content\/uploads\/2021\/01\/cropped-Nay-and-the-planet-site-icon-2.png","contentUrl":"https:\/\/nayandtheplanet.com\/wp-content\/uploads\/2021\/01\/cropped-Nay-and-the-planet-site-icon-2.png","width":512,"height":512,"caption":"Nay and the Planet"},"image":{"@id":"https:\/\/nayandtheplanet.com\/pt-br\/#\/schema\/logo\/image\/"}},{"@type":"Person","@id":"https:\/\/nayandtheplanet.com\/pt-br\/#\/schema\/person\/c7b7228d0d95afd2174664e128b159e6","name":"Nayara Byrne","image":{"@type":"ImageObject","inLanguage":"pt-BR","@id":"https:\/\/secure.gravatar.com\/avatar\/5c1c24a7433a2229b4dbcef4d38222aa47503b5ce5d67c3e22fc10d0a56a9308?s=96&d=mm&r=g","url":"https:\/\/secure.gravatar.com\/avatar\/5c1c24a7433a2229b4dbcef4d38222aa47503b5ce5d67c3e22fc10d0a56a9308?s=96&d=mm&r=g","contentUrl":"https:\/\/secure.gravatar.com\/avatar\/5c1c24a7433a2229b4dbcef4d38222aa47503b5ce5d67c3e22fc10d0a56a9308?s=96&d=mm&r=g","caption":"Nayara Byrne"},"url":"https:\/\/nayandtheplanet.com\/pt-br\/author\/nayara\/"}]}},"uagb_featured_image_src":{"full":["https:\/\/nayandtheplanet.com\/wp-content\/uploads\/2025\/12\/Duality-yin-yang-scaled-e1766947950606.jpg",2560,1442,false],"thumbnail":["https:\/\/nayandtheplanet.com\/wp-content\/uploads\/2025\/12\/Duality-yin-yang-scaled-e1766947950606-150x150.jpg",150,150,true],"medium":["https:\/\/nayandtheplanet.com\/wp-content\/uploads\/2025\/12\/Duality-yin-yang-scaled-e1766947950606-300x169.jpg",300,169,true],"medium_large":["https:\/\/nayandtheplanet.com\/wp-content\/uploads\/2025\/12\/Duality-yin-yang-scaled-e1766947950606-768x433.jpg",768,433,true],"large":["https:\/\/nayandtheplanet.com\/wp-content\/uploads\/2025\/12\/Duality-yin-yang-scaled-e1766947950606-1024x577.jpg",1024,577,true],"1536x1536":["https:\/\/nayandtheplanet.com\/wp-content\/uploads\/2025\/12\/Duality-yin-yang-scaled-e1766947950606-1536x865.jpg",1536,865,true],"2048x2048":["https:\/\/nayandtheplanet.com\/wp-content\/uploads\/2025\/12\/Duality-yin-yang-scaled-e1766947950606-2048x1154.jpg",2048,1154,true]},"uagb_author_info":{"display_name":"Nayara Byrne","author_link":"https:\/\/nayandtheplanet.com\/pt-br\/author\/nayara\/"},"uagb_comment_info":0,"uagb_excerpt":"Descubra o que \u00e9 a dualidade e como ela define a realidade. Aprenda a viver em equil\u00edbrio com sua luz e sua sombra.","_links":{"self":[{"href":"https:\/\/nayandtheplanet.com\/pt-br\/wp-json\/wp\/v2\/posts\/3300","targetHints":{"allow":["GET"]}}],"collection":[{"href":"https:\/\/nayandtheplanet.com\/pt-br\/wp-json\/wp\/v2\/posts"}],"about":[{"href":"https:\/\/nayandtheplanet.com\/pt-br\/wp-json\/wp\/v2\/types\/post"}],"author":[{"embeddable":true,"href":"https:\/\/nayandtheplanet.com\/pt-br\/wp-json\/wp\/v2\/users\/2"}],"replies":[{"embeddable":true,"href":"https:\/\/nayandtheplanet.com\/pt-br\/wp-json\/wp\/v2\/comments?post=3300"}],"version-history":[{"count":2,"href":"https:\/\/nayandtheplanet.com\/pt-br\/wp-json\/wp\/v2\/posts\/3300\/revisions"}],"predecessor-version":[{"id":3306,"href":"https:\/\/nayandtheplanet.com\/pt-br\/wp-json\/wp\/v2\/posts\/3300\/revisions\/3306"}],"wp:featuredmedia":[{"embeddable":true,"href":"https:\/\/nayandtheplanet.com\/pt-br\/wp-json\/wp\/v2\/media\/3295"}],"wp:attachment":[{"href":"https:\/\/nayandtheplanet.com\/pt-br\/wp-json\/wp\/v2\/media?parent=3300"}],"wp:term":[{"taxonomy":"category","embeddable":true,"href":"https:\/\/nayandtheplanet.com\/pt-br\/wp-json\/wp\/v2\/categories?post=3300"},{"taxonomy":"post_tag","embeddable":true,"href":"https:\/\/nayandtheplanet.com\/pt-br\/wp-json\/wp\/v2\/tags?post=3300"}],"curies":[{"name":"wp","href":"https:\/\/api.w.org\/{rel}","templated":true}]}}